{"id":4026,"date":"2026-02-17T14:24:23","date_gmt":"2026-02-17T12:24:23","guid":{"rendered":"https:\/\/genaisa.eu\/?p=4026"},"modified":"2026-02-17T14:24:23","modified_gmt":"2026-02-17T12:24:23","slug":"construyendo-una-formacion-preparada-para-el-futuro-en-la-era-de-la-ia-generativa","status":"publish","type":"post","link":"https:\/\/genaisa.eu\/es\/building-future-ready-training-in-the-age-of-generative-ai\/","title":{"rendered":"Construyendo una formaci\u00f3n preparada para el futuro en la era de la IA generativa"},"content":{"rendered":"<p><strong>De la estabilidad laboral a la fluidez de tareas: implicaciones para el desarrollo de la fuerza laboral<\/strong><\/p>\n\n\n\n<p>La inteligencia artificial ha pasado de ser una tecnolog\u00eda perif\u00e9rica a una fuerza estructural que transforma los mercados laborales a una velocidad sin precedentes. Los r\u00e1pidos avances en potencia inform\u00e1tica, disponibilidad de datos y modelos generativos han impulsado su adopci\u00f3n generalizada en las organizaciones, con impactos mensurables en la productividad y los costes en todos los sectores. Fundamentalmente, esta transformaci\u00f3n se est\u00e1 produciendo a nivel de tareas: el trabajo cognitivo y administrativo rutinario est\u00e1 cada vez m\u00e1s automatizado, mientras que los profesionales se ven reforzados por &quot;copilotos&quot; de IA en la escritura, el desarrollo de software, la investigaci\u00f3n y el dise\u00f1o, reconfigurando los roles en ocupaciones h\u00edbridas entre humanos e IA y creando otros completamente nuevos. A medida que la digitalizaci\u00f3n, el trabajo en plataformas, la competencia transfronteriza y el cambio demogr\u00e1fico interact\u00faan con este cambio, el perfil de competencias que exigen los empleadores est\u00e1 cambiando a un ritmo mayor al que pueden adaptarse los sistemas de formaci\u00f3n tradicionales. Por lo tanto, dise\u00f1ar formaci\u00f3n para mercados laborales en r\u00e1pida evoluci\u00f3n requiere ir m\u00e1s all\u00e1 de los curr\u00edculos est\u00e1ticos y plurianuales hacia unidades de aprendizaje modulares y continuamente actualizadas que integren la alfabetizaci\u00f3n operativa en IA, la evaluaci\u00f3n cr\u00edtica de los resultados de IA y la colaboraci\u00f3n entre humanos e IA como competencias fundamentales.<\/p>\n\n\n\n<p><strong>Dise\u00f1o que prioriza la evaluaci\u00f3n en mercados laborales en r\u00e1pida evoluci\u00f3n<\/strong><\/p>\n\n\n\n<p>Dise\u00f1ar una formaci\u00f3n que siga siendo relevante en mercados laborales en constante evoluci\u00f3n no solo es dif\u00edcil, sino tambi\u00e9n estructuralmente limitado. Dado que las tecnolog\u00edas, los puestos de trabajo y los requisitos de competencias evolucionan a un ritmo superior al de los ciclos curriculares, ning\u00fan programa de formaci\u00f3n con un alto contenido puede mantenerse vigente a largo plazo. Esto no implica abandonar el dise\u00f1o de la formaci\u00f3n, sino cambiar su enfoque: de la cobertura de contenidos a un dise\u00f1o de aprendizaje basado en la evaluaci\u00f3n. La propuesta fundamental es simple pero consecuente: el contenido caduca, los alumnos perduran. Para que la formaci\u00f3n siga siendo relevante, debe priorizar las capacidades duraderas: la formulaci\u00f3n de problemas, la evaluaci\u00f3n cr\u00edtica, la colaboraci\u00f3n, la reflexi\u00f3n y la capacidad de aprender continuamente en entornos de conocimiento inestables.<\/p>\n\n\n\n<p>Este replanteamiento sit\u00faa la evaluaci\u00f3n en el centro del dise\u00f1o curricular. En lugar de considerarla un complemento o un requisito de cumplimiento, se convierte en el principal motor del dise\u00f1o. La forma en que se eval\u00faa a los alumnos determina c\u00f3mo aprenden, qu\u00e9 priorizan y qu\u00e9 capacidades desarrollan. En entornos de competencias vol\u00e1tiles, moldeados por la IA generativa, la evaluaci\u00f3n es una de las pocas palancas que los educadores pueden controlar con fiabilidad para generar un comportamiento de aprendizaje significativo.<\/p>\n\n\n\n<p><strong>Alineaci\u00f3n constructiva y dise\u00f1o que prioriza la evaluaci\u00f3n<\/strong><\/p>\n\n\n\n<p>Un enfoque centrado en la evaluaci\u00f3n se implementa mediante una alineaci\u00f3n constructiva: los resultados de aprendizaje, las actividades de aprendizaje y la evaluaci\u00f3n se dise\u00f1an como un sistema \u00fanico e integrado, en lugar de como componentes d\u00e9bilmente acoplados. Esto invierte la secuencia tradicional de &quot;contenido primero, evaluaci\u00f3n despu\u00e9s&quot;. Los dise\u00f1adores comienzan por especificar lo que los estudiantes deben ser capaces de hacer en contextos reales, luego dise\u00f1an tareas de evaluaci\u00f3n que evidencian esas capacidades y, solo entonces, seleccionan actividades y recursos de aprendizaje para apoyar el \u00e9xito en dichas tareas.<\/p>\n\n\n\n<p>Esto es importante porque los estudiantes organizan su esfuerzo en torno a las se\u00f1ales de la evaluaci\u00f3n. En \u00e1mbitos de r\u00e1pida evoluci\u00f3n como la IA generativa, donde la informaci\u00f3n se vuelve obsoleta r\u00e1pidamente, la arquitectura de aprendizaje debe basarse en el rendimiento transferible, en lugar del dominio transitorio del contenido. Una evaluaci\u00f3n bien alineada aclara las expectativas, reduce el esfuerzo mal dirigido y aumenta la probabilidad de que el aprendizaje se transfiera a la pr\u00e1ctica laboral.<\/p>\n\n\n\n<p><strong>Por qu\u00e9 es importante la evaluaci\u00f3n aut\u00e9ntica en la era de la IA<\/strong><\/p>\n\n\n\n<p>La evaluaci\u00f3n aut\u00e9ntica proporciona un mecanismo pr\u00e1ctico para asegurar la formaci\u00f3n a futuro frente a la volatilidad del mercado laboral. En lugar de priorizar las pruebas basadas en el recuerdo o los modelos de consumo pasivo, las tareas aut\u00e9nticas simulan la pr\u00e1ctica real. Una evaluaci\u00f3n aut\u00e9ntica eficaz presenta varias caracter\u00edsticas de dise\u00f1o:<\/p>\n\n\n\n<ul class=\"wp-block-list\">\n<li><strong>Relevancia en el mundo real<\/strong>:las tareas reflejan los contextos de problemas del lugar de trabajo (por ejemplo, dise\u00f1ar indicaciones, construir artefactos digitales, proponer intervenciones para mitigar los riesgos relacionados con la IA).<\/li>\n\n\n\n<li><strong>Problemas mal definidos<\/strong>:Los estudiantes se involucran con desaf\u00edos abiertos en lugar de respuestas preestablecidas.<\/li>\n\n\n\n<li><strong>Investigaci\u00f3n sostenida<\/strong>:El aprendizaje se desarrolla con el tiempo a trav\u00e9s del desarrollo iterativo en lugar de presentaciones \u00fanicas.<\/li>\n\n\n\n<li><strong>M\u00faltiples perspectivas y fuentes<\/strong>:Los estudiantes integran diversos puntos de vista y evidencia.<\/li>\n\n\n\n<li><strong>Colaboraci\u00f3n<\/strong>:La interacci\u00f3n entre pares refleja las pr\u00e1cticas laborales contempor\u00e1neas.<\/li>\n\n\n\n<li><strong>Reflexi\u00f3n y autorregulaci\u00f3n<\/strong>:Los estudiantes desarrollan conciencia metacognitiva de sus procesos de aprendizaje.<\/li>\n\n\n\n<li><strong>Evaluaci\u00f3n integrada<\/strong>:La evaluaci\u00f3n est\u00e1 integrada en las actividades de aprendizaje en lugar de a\u00f1adirse al final.<\/li>\n\n\n\n<li><strong>Productos significativos<\/strong>:Los estudiantes producen artefactos que tienen valor m\u00e1s all\u00e1 de la calificaci\u00f3n.<\/li>\n\n\n\n<li><strong>Indicadores m\u00faltiples de aprendizaje<\/strong>:portafolios, r\u00fabricas, retroalimentaci\u00f3n de pares y narrativas reflexivas complementan la calificaci\u00f3n de puntuaci\u00f3n \u00fanica.<\/li>\n<\/ul>\n\n\n\n<p>En contextos en l\u00ednea y asincr\u00f3nicos \u2014ahora estructuralmente integrados en los ecosistemas de formaci\u00f3n pospandemia\u2014, estos principios son particularmente cruciales. Los modelos de consumo pasivos, al estilo de los MOOC, no son adecuados para desarrollar la experiencia adaptativa. El dise\u00f1o constructivista, centrado en la evaluaci\u00f3n, crea experiencias de aprendizaje que priorizan la aplicaci\u00f3n, el juicio y la transferencia de conocimientos sobre la reproducci\u00f3n de contenido.<\/p>\n\n\n\n<p><strong>Dise\u00f1ar para los estudiantes, no solo para el contenido<\/strong><\/p>\n\n\n\n<p>Otra implicaci\u00f3n del dise\u00f1o que prioriza la evaluaci\u00f3n es la necesidad de priorizar el contexto del alumno. Un dise\u00f1o de capacitaci\u00f3n eficaz requiere comprender los antecedentes, las identidades profesionales, los niveles de competencias existentes y las limitaciones de los alumnos. En la oferta en l\u00ednea a gran escala, esto se ve cada vez m\u00e1s respaldado por la elaboraci\u00f3n de perfiles de alumnos basados en datos y el an\u00e1lisis de cohortes de participantes mediante IA. Dise\u00f1ar para la diversidad de la audiencia mejora la inclusi\u00f3n, la accesibilidad y la equidad de la evaluaci\u00f3n, especialmente en cursos asincr\u00f3nicos donde el apoyo del facilitador es limitado.<\/p>\n\n\n\n<p>Esta orientaci\u00f3n se vuelve esencial en proyectos a largo plazo en \u00e1mbitos en r\u00e1pida evoluci\u00f3n, como la IA generativa. El contenido del curso inevitablemente quedar\u00e1 obsoleto a lo largo de ciclos de desarrollo plurianuales. El dise\u00f1o de la evaluaci\u00f3n, basado en pr\u00e1cticas sostenibles (resoluci\u00f3n de problemas, colaboraci\u00f3n, evaluaci\u00f3n cr\u00edtica de los resultados de la IA, autoevaluaci\u00f3n reflexiva), mantiene su relevancia incluso cuando cambian las herramientas y t\u00e9cnicas espec\u00edficas.<\/p>\n\n\n\n<p><strong>La autoevaluaci\u00f3n y la evaluaci\u00f3n por pares como mecanismos de durabilidad<\/strong><\/p>\n\n\n\n<p>Cuando la facilitaci\u00f3n es limitada o inexistente, la autoevaluaci\u00f3n y la evaluaci\u00f3n entre pares funcionan como soportes estructurales para un aprendizaje de calidad sostenible. La autoevaluaci\u00f3n fomenta la capacidad metacognitiva y el aprendizaje autorregulado, capacidades que permiten a los estudiantes adaptarse a medida que evolucionan las herramientas y las bases de conocimiento. La evaluaci\u00f3n entre pares aprovecha la experiencia distribuida dentro de los grupos de estudiantes, reconociendo que los participantes aportan cada vez m\u00e1s conocimientos heterog\u00e9neos y pr\u00e1cticos a los entornos de aprendizaje, especialmente en los dominios avanzados relacionados con la IA.<\/p>\n\n\n\n<p>La retroalimentaci\u00f3n entre pares tambi\u00e9n reproduce caracter\u00edsticas clave de la pr\u00e1ctica profesional: cr\u00edtica, mejora iterativa y construcci\u00f3n colaborativa de sentido. Estos mecanismos transforman la formaci\u00f3n de un modelo de transmisi\u00f3n a una ecolog\u00eda de aprendizaje participativo, m\u00e1s alineada con el trabajo del conocimiento contempor\u00e1neo.<\/p>\n\n\n\n<p><strong>Implicaciones para el dise\u00f1o de la formaci\u00f3n en mercados laborales vol\u00e1tiles<\/strong><\/p>\n\n\n\n<p>La implicaci\u00f3n central del dise\u00f1o es estrat\u00e9gica: <strong>La formaci\u00f3n no puede superar los cambios en el mercado laboral \u00fanicamente mediante actualizaciones de contenido<\/strong>. En cambio, los sistemas de capacitaci\u00f3n deben dise\u00f1arse en torno a funciones de aprendizaje duraderas. Un dise\u00f1o que prioriza la evaluaci\u00f3n, integrado en una alineaci\u00f3n constructiva, proporciona un mecanismo escalable para mantener la relevancia en medio de un r\u00e1pido cambio tecnol\u00f3gico y ocupacional.<\/p>\n\n\n\n<p>En la pr\u00e1ctica, esto significa:<\/p>\n\n\n\n<ul class=\"wp-block-list\">\n<li>dise\u00f1ar la evaluaci\u00f3n en torno al desempe\u00f1o transferible en lugar del conocimiento espec\u00edfico de la herramienta;<\/li>\n\n\n\n<li>integrar la colaboraci\u00f3n, la reflexi\u00f3n y el aprendizaje entre pares en la arquitectura de la evaluaci\u00f3n;<\/li>\n\n\n\n<li>privilegiar tareas aut\u00e9nticas que reflejen las pr\u00e1cticas laborales;<\/li>\n\n\n\n<li>aceptar la obsolescencia del contenido y al mismo tiempo proteger el desarrollo de la capacidad de los estudiantes;<\/li>\n\n\n\n<li>crear sistemas de evaluaci\u00f3n de edificios que sigan siendo significativos incluso a medida que evolucionan tecnolog\u00edas espec\u00edficas.<\/li>\n<\/ul>\n\n\n\n<p>En mercados laborales que cambian r\u00e1pidamente y est\u00e1n moldeados por la IA generativa, la estabilidad de los sistemas de capacitaci\u00f3n no reside en su contenido, sino en la calidad de su dise\u00f1o de evaluaci\u00f3n.<\/p>\n\n\n\n<p>\u2014\u2014\u2014\u2014\u2014\u2014\u2014\u2014\u2014\u2014\u2014\u2014\u2014\u2014\u2014\u2014<\/p>\n\n\n\n<p>Este art\u00edculo fue desarrollado a ra\u00edz del primer Taller Europeo, <em>Dise\u00f1o de capacitaci\u00f3n para mercados laborales en r\u00e1pida evoluci\u00f3n: perspectivas de la Generative AI Skills Academy<\/em>, celebrado el 11 de febrero de 2026. El taller reuni\u00f3 a profesionales, investigadores y proveedores de formaci\u00f3n para examinar c\u00f3mo la IA generativa est\u00e1 transformando la demanda de habilidades y qu\u00e9 implica esto para el dise\u00f1o de sistemas de formaci\u00f3n preparados para el futuro. Si desea consultar la grabaci\u00f3n del taller y los materiales compartidos por los ponentes y participantes, puede acceder a ellos a trav\u00e9s de [enlace faltante]. <a href=\"https:\/\/genaisa.eu\/es\/diseno-de-formacion-para-mercados-laborales-en-rapida-evolucion-unase-al-taller-europeo-de-genaisa\/\">este enlace<\/a>.<\/p>","protected":false},"excerpt":{"rendered":"<p>De la estabilidad laboral a la fluidez de tareas: implicaciones para el desarrollo de la fuerza laboral. La inteligencia artificial ha pasado de ser una tecnolog\u00eda perif\u00e9rica a una fuerza estructural que transforma los mercados laborales a una velocidad sin precedentes. Los r\u00e1pidos avances en la capacidad de procesamiento, la disponibilidad de datos y los modelos generativos han impulsado su adopci\u00f3n generalizada en las organizaciones, con impactos mensurables en la productividad y los costos en todos los sectores. Fundamentalmente, esta transformaci\u00f3n es\u2026<\/p>","protected":false},"author":2,"featured_media":4028,"comment_status":"open","ping_status":"open","sticky":false,"template":"","format":"standard","meta":{"_acf_changed":false,"_kad_blocks_custom_css":"","_kad_blocks_head_custom_js":"","_kad_blocks_body_custom_js":"","_kad_blocks_footer_custom_js":"","_kad_post_transparent":"","_kad_post_title":"","_kad_post_layout":"","_kad_post_sidebar_id":"","_kad_post_content_style":"","_kad_post_vertical_padding":"","_kad_post_feature":"","_kad_post_feature_position":"","_kad_post_header":false,"_kad_post_footer":false,"_kad_post_classname":"","footnotes":""},"categories":[13],"tags":[],"class_list":["post-4026","post","type-post","status-publish","format-standard","has-post-thumbnail","hentry","category-project-milestones"],"acf":[],"taxonomy_info":{"category":[{"value":13,"label":"Project Milestones"}]},"featured_image_src_large":["https:\/\/genaisa.eu\/wp-content\/uploads\/2026\/02\/Gemini_Generated_Image_nklr25nklr25nklr-1-1024x559.png",1024,559,true],"author_info":{"display_name":"Nikolay Tsolev (RCCI)","author_link":"https:\/\/genaisa.eu\/es\/author\/ntsolev\/"},"comment_info":1,"category_info":[{"term_id":13,"name":"Project Milestones","slug":"project-milestones","term_group":0,"term_taxonomy_id":13,"taxonomy":"category","description":"News and announcements about key project milestones, outputs, and progress.","parent":0,"count":9,"filter":"raw","cat_ID":13,"category_count":9,"category_description":"News and announcements about key project milestones, outputs, and progress.","cat_name":"Project Milestones","category_nicename":"project-milestones","category_parent":0}],"tag_info":false,"_links":{"self":[{"href":"https:\/\/genaisa.eu\/es\/wp-json\/wp\/v2\/posts\/4026","targetHints":{"allow":["GET"]}}],"collection":[{"href":"https:\/\/genaisa.eu\/es\/wp-json\/wp\/v2\/posts"}],"about":[{"href":"https:\/\/genaisa.eu\/es\/wp-json\/wp\/v2\/types\/post"}],"author":[{"embeddable":true,"href":"https:\/\/genaisa.eu\/es\/wp-json\/wp\/v2\/users\/2"}],"replies":[{"embeddable":true,"href":"https:\/\/genaisa.eu\/es\/wp-json\/wp\/v2\/comments?post=4026"}],"version-history":[{"count":0,"href":"https:\/\/genaisa.eu\/es\/wp-json\/wp\/v2\/posts\/4026\/revisions"}],"wp:featuredmedia":[{"embeddable":true,"href":"https:\/\/genaisa.eu\/es\/wp-json\/wp\/v2\/media\/4028"}],"wp:attachment":[{"href":"https:\/\/genaisa.eu\/es\/wp-json\/wp\/v2\/media?parent=4026"}],"wp:term":[{"taxonomy":"category","embeddable":true,"href":"https:\/\/genaisa.eu\/es\/wp-json\/wp\/v2\/categories?post=4026"},{"taxonomy":"post_tag","embeddable":true,"href":"https:\/\/genaisa.eu\/es\/wp-json\/wp\/v2\/tags?post=4026"}],"curies":[{"name":"gracias","href":"https:\/\/api.w.org\/{rel}","templated":true}]}}